{"id":1962,"date":"2023-11-29T10:12:52","date_gmt":"2023-11-29T10:12:52","guid":{"rendered":"https:\/\/mcomtop.com\/?p=1962"},"modified":"2025-07-17T09:31:29","modified_gmt":"2025-07-17T09:31:29","slug":"ebox-equipe-le-gymnase-universitaire-de-saint","status":"publish","type":"post","link":"https:\/\/mcomtop.com\/?p=1962","title":{"rendered":"Ile de la R\u00e9union : Ebox \u00e9quipe le gymnase universitaire de Saint-Denis"},"content":{"rendered":"\n<figure class=\"wp-block-gallery has-nested-images columns-default is-cropped wp-block-gallery-2 is-layout-flex wp-block-gallery-is-layout-flex\">\n<figure class=\"wp-block-image size-large\"><img fetchpriority=\"high\" decoding=\"async\" width=\"767\" height=\"1024\" data-id=\"2027\" src=\"https:\/\/mcomtop.com\/wp-content\/uploads\/2023\/11\/WhatsApp-Image-2023-11-29-at-11.09.36-1.jpeg\" alt=\"Les Panneaux muraux Ebox,\u00a9M@comm\" class=\"wp-image-2027\" srcset=\"https:\/\/mcomtop.com\/wp-content\/uploads\/2023\/11\/WhatsApp-Image-2023-11-29-at-11.09.36-1.jpeg 767w, https:\/\/mcomtop.com\/wp-content\/uploads\/2023\/11\/WhatsApp-Image-2023-11-29-at-11.09.36-1-225x300.jpeg 225w, https:\/\/mcomtop.com\/wp-content\/uploads\/2023\/11\/WhatsApp-Image-2023-11-29-at-11.09.36-1-600x801.jpeg 600w\" sizes=\"(max-width: 767px) 100vw, 767px\" \/><\/figure>\n<\/figure>\n\n\n\n<blockquote class=\"wp-block-quote is-layout-flow wp-block-quote-is-layout-flow\">\n<blockquote class=\"wp-block-quote is-layout-flow wp-block-quote-is-layout-flow\">\n<blockquote class=\"wp-block-quote has-text-align-left has-normal-font-size is-layout-flow wp-block-quote-is-layout-flow\">\n<p class=\"has-text-align-left\">Dans le cadre du d\u00e9veloppement des sports de combat \u00e0 la R\u00e9union, le leader fran\u00e7ais de l\u2019octogone accompagn\u00e9 de Run Combat (son distributeur local ) a install\u00e9 des panneaux muraux grillag\u00e9s au Campus du Moufia, le 27 octobre dernier. \u201cCette installation vise \u00e0 compl\u00e9ter le mat\u00e9riel de sports sur  les dix prochaines ann\u00e9es. Le choix de la qualit\u00e9 nous a fait recourir \u00e0 la M\u00e9tropole. C\u2019est \u00e0 cette jeunesse motiv\u00e9e et talentueuse qu\u2019il faudrait attribuer la r\u00e9alisation de ce projet d\u00e9marr\u00e9 il y a dix ans\u201d d\u00e9clare M. Ga\u00ebl Arquier, Responsable Administratif du Service Universitaire des Activit\u00e9s Physiques et Sportives (SUAPS). \u201cCes propos font \u00e9chos aux valeurs d\u2019Ebox  rappelle par M. Xavier Mercier, son directeur \u201ccar le partenariat entre le secteur publique et le secteur priv\u00e9  suppose que la production des \u00e9quipements r\u00e9ponde aux attentes de la formation intellectuelle des jeunes en termes de technicit\u00e9, et de facto, de qualit\u00e9. Ce qui induit une connaissance et un respect des normes f\u00e9d\u00e9rales fran\u00e7aises.\u201d <\/p>\n\n\n\n<h2 class=\"wp-block-heading has-text-align-left\"><strong>R\u00e9tro d\u2019un s\u00e9jour riche en \u201c<\/strong>humanit\u00e9s<strong>\u201c<\/strong><\/h2>\n\n\n\n<p class=\"has-text-align-left\">Le 23 Octobre \u00e0 7 heures lorsque nous atterrissons \u00e0 la R\u00e9union apr\u00e8s 11 heures de vol, le directeur d\u2019Ebox nous annonce une journ\u00e9e de travail d\u00e9marrant pour lui en fin de matin\u00e9e par la formation des jeunes \u201cqui l\u2019attendaient d\u00e9j\u00e0\u201d d\u00e9clare-t-il. Ces formations autour du mat\u00e9riel commercialis\u00e9 par la marque et les normes f\u00e9d\u00e9rales fran\u00e7aises ont \u00e9galement meubl\u00e9 les journ\u00e9es du 24, 25  et 26 octobre. Quelques rencontres avec  les responsables des clubs et combattants internationaux r\u00e9unionnais pr\u00e9sents les ont meubl\u00e9es. Il s\u2019agit d\u2019un planning \u00e9tabli par L.Angama, directeur de la soci\u00e9t\u00e9 Run Combat, \u201cselon le cahier de charges initial \u00e0 cette action que nous menons pour l\u2019universit\u00e9\u201d explique-t-il.<\/p>\n\n\n\n<figure class=\"wp-block-gallery has-nested-images columns-default is-cropped wp-block-gallery-3 is-layout-flex wp-block-gallery-is-layout-flex\">\n<figure class=\"wp-block-image size-large\"><img decoding=\"async\" width=\"845\" height=\"1024\" data-id=\"1961\" src=\"https:\/\/mcomtop.com\/wp-content\/uploads\/2023\/11\/WhatsApp-Image-2023-11-29-at-10.45.49.jpeg\" alt=\"Le clic n'a pas loup\u00e9 ces deux l\u00e0 en plein d\u00e9jeuner entre deux rendez-vous\" class=\"wp-image-1961\" srcset=\"https:\/\/mcomtop.com\/wp-content\/uploads\/2023\/11\/WhatsApp-Image-2023-11-29-at-10.45.49.jpeg 845w, https:\/\/mcomtop.com\/wp-content\/uploads\/2023\/11\/WhatsApp-Image-2023-11-29-at-10.45.49-248x300.jpeg 248w, https:\/\/mcomtop.com\/wp-content\/uploads\/2023\/11\/WhatsApp-Image-2023-11-29-at-10.45.49-768x931.jpeg 768w, https:\/\/mcomtop.com\/wp-content\/uploads\/2023\/11\/WhatsApp-Image-2023-11-29-at-10.45.49-600x727.jpeg 600w\" sizes=\"(max-width: 845px) 100vw, 845px\" \/><figcaption class=\"wp-element-caption\">Lo\u00efc et Xavier au cours de leur pause-d\u00e9jeuner du 25.10.23   \u00a9M@Comm<\/figcaption><\/figure>\n<\/figure>\n<cite>De la gauche vers la droite : Lo\u00efc Angama et Xavier Mercier en plein d\u00e9jeuner.<strong>\u00a9<\/strong>M@Comm <br><\/cite><\/blockquote>\n\n\n\n<h2 class=\"wp-block-heading\">L\u2019 installation officielle des panneaux muraux Ebox<\/h2>\n\n\n\n<p>Le 27 octobre 2023 est jour d\u2019installation des panneaux muraux homologu\u00e9s. Nous arrivons au Campus du Moufia de Saint-Denis \u00e0 13 : 51, un passage dans le gymnase pour encourager les \u00e9quipes de montage et nous voil\u00e0 partis en ballade. Nous sommes impressionn\u00e9s par la politesse et la gentillesse des \u00e9tudiants qui nous demandent s\u2019ils peuvent nous \u00eatre utiles en quelque renseignement dans ce vaste quartier des savoirs\u2026C\u2019est spontan\u00e9ment que des conversations d\u00e9marrent. Dans un amphi on parle d\u2019arts\u2026Dans une  autre salle, des \u00e9tudiants apprennent une chor\u00e9graphie de danse contemporaine\u2026 Sous les arbres car il fait 30 degr\u00e9s, certains  discutent; leurs rires et voix retentissent et rythment nos pas. Ils sont visiblement contents d\u2019\u00eatre ensemble. Curieux, nous observons un duo d\u2019\u00e9tudiantes un  peu plus loin qui  r\u00e9alise une chor\u00e9graphie \u201ctrend pour les r\u00e9seaux sociaux\u201d qu\u2019elles alimentent  en contenus \u201cpour se faire un peu d\u2019argent\u201d  nous lancent-elles. Bref, nous assistons \u00e0 une ambiance estudiantine digne d\u2019un vendredi. Atmosph\u00e8re qui change des campus de Paris et de Lyon. Mais c\u2019est l\u2019image d\u2019intellectuels ancr\u00e9s dans leur \u00e9poque avec une actualit\u00e9 sportive domin\u00e9e par les sports de combat.<\/p>\n<\/blockquote>\n\n\n\n<p><strong>Le retour <\/strong> <strong>au<\/strong> <strong>gymnase<\/strong><\/p>\n\n\n\n<blockquote class=\"wp-block-quote is-layout-flow wp-block-quote-is-layout-flow\">\n<figure class=\"wp-block-gallery has-nested-images columns-default is-cropped wp-block-gallery-4 is-layout-flex wp-block-gallery-is-layout-flex\">\n<figure class=\"wp-block-image size-full\"><img decoding=\"async\" width=\"1024\" height=\"697\" data-id=\"1967\" src=\"https:\/\/mcomtop.com\/wp-content\/uploads\/2023\/11\/WhatsApp-Image-2023-11-29-at-10.07.19-2.jpeg\" alt=\"De la gauche vers la droite : L.Angama, X. Mercier et G. Arquier\" class=\"wp-image-1967\" srcset=\"https:\/\/mcomtop.com\/wp-content\/uploads\/2023\/11\/WhatsApp-Image-2023-11-29-at-10.07.19-2.jpeg 1024w, https:\/\/mcomtop.com\/wp-content\/uploads\/2023\/11\/WhatsApp-Image-2023-11-29-at-10.07.19-2-300x204.jpeg 300w, https:\/\/mcomtop.com\/wp-content\/uploads\/2023\/11\/WhatsApp-Image-2023-11-29-at-10.07.19-2-768x523.jpeg 768w, https:\/\/mcomtop.com\/wp-content\/uploads\/2023\/11\/WhatsApp-Image-2023-11-29-at-10.07.19-2-600x408.jpeg 600w\" sizes=\"(max-width: 1024px) 100vw, 1024px\" \/><\/figure>\n<\/figure>\n\n\n\n<p class=\"has-text-align-center has-normal-font-size\"><em> De la gauche vers la droite : L. Angama, X. Mercier et G.Arquier<\/em>, <strong>\u00a9<\/strong><em><strong>M@Comm <\/strong><\/em><\/p>\n\n\n\n<p> Nous retournons au Gymnase alors qu\u2019il est 17 heures. La presse locale est arriv\u00e9e, les panneaux sont  enti\u00e8rement install\u00e9s sous le regard bienveillant de M. Arquier \u201cil nous assiste depuis notre arriv\u00e9e\u201d d\u00e9clare l\u2019\u00e9quipe de montage. M. Mercier peaufine les derniers d\u00e9tails. L\u2019 atmosph\u00e8re bon enfant continue\u2026 M. Jimmy Mah\u00e9, le responsable des formations en sports de combat et quelques combattants sont aussi l\u00e0. Mais on dit aux combattants qu\u2019il n\u2019y a pas de cours, certains retournent chez eux d\u00e9pit\u00e9s de ne pouvoir s\u2019adonner \u00e0 leur passion vue les circonstances. D\u2019autres restent. Jimmy Mah\u00e9 confirme que : \u201cL\u2019 Ile de la R\u00e9union a un fort potentiel en sports de combat. Tenez, quelques r\u00e9f\u00e9rences: Baltazar Leriche (32 ans), Tony Grodin (31 ans) et chez les femmes : Iris Goyon (21 ans) et Marion Gilboire (22 ans).\u201d Mais ce qui nous pr\u00e9occupe, s\u00e9ance tenante est de nous entretenir avec un jeune question d\u2019en savoir plus sur cet enthousiasme observ\u00e9 au sein de l\u2019Universit\u00e9. Tiens, Th\u00e9o Filain qui repr\u00e9sente \u00e0 lui seul 3 jeunes : exactement ce que nous recherchions. A 19 ans, cet \u00e9tudiant est le Champion de la R\u00e9union en Kickboxing, formateur, il vise le meilleur pour lui et ses pairs : \u201d j\u2019esp\u00e8re amener plus de jeunes \u00e0 concr\u00e9tiser leurs r\u00eaves en les menant aux championnats amateurs ici \u00e0 la R\u00e9union et en M\u00e9tropole.\u201d Et au sujet de sa formation il d\u00e9clare:<\/p>\n<\/blockquote>\n\n\n\n<figure class=\"wp-block-video\"><video height=\"848\" style=\"aspect-ratio: 432 \/ 848;\" width=\"432\" controls src=\"https:\/\/mcomtop.com\/wp-content\/uploads\/2023\/11\/WhatsApp-Video-2023-11-29-at-08.02.48.mp4\"><\/video><figcaption class=\"wp-element-caption\">                                                              <em><strong>Th\u00e9o Filain, parle de sa formation de coach. \u00a9M@Comm <\/strong><\/em><\/figcaption><\/figure>\n\n\n\n<p>Quand vient le tour de Lo\u00efc Angama de s\u2019exprimer \u00e0  l\u2019issue de cette journ\u00e9e, il revient \u00e9galement sur l\u2019aspect \u201cs\u00e9curit\u00e9 des combattants\u201d. <\/p>\n\n\n\n<figure class=\"wp-block-video\"><video height=\"848\" style=\"aspect-ratio: 480 \/ 848;\" width=\"480\" controls src=\"https:\/\/mcomtop.com\/wp-content\/uploads\/2023\/11\/WhatsApp-Video-2023-11-29-at-08.28.23.mp4\"><\/video><figcaption class=\"wp-element-caption\"><em><strong>Ing\u00e9nieur, Lo\u00efc dirige la soci\u00e9t\u00e9 RUN COMBAT et distribue les \u00e9quipements de sports de combat dans les territoires fran\u00e7ais d\u2019Outre Mer (DOM).\u00a9M@Comm<\/strong><\/em> <\/figcaption><\/figure>\n<\/blockquote>\n\n\n\n<p>C\u2019est finalement autour de 20 heures que nous rentrons \u00e0 notre h\u00f4tel laissant derri\u00e8re nous un gymnase lumineux.<\/p>\n\n\n\n<p>Bon vent \u00e0 cette jeunesse intellectuelle qui allie savoirs et pratique  des sports de combat.<\/p>\n\n\n\n<figure class=\"wp-block-gallery has-nested-images columns-default is-cropped wp-block-gallery-5 is-layout-flex wp-block-gallery-is-layout-flex\">\n<figure class=\"wp-block-image size-large\"><img loading=\"lazy\" decoding=\"async\" width=\"768\" height=\"1024\" data-id=\"2034\" src=\"https:\/\/mcomtop.com\/wp-content\/uploads\/2023\/11\/WhatsApp-Image-2023-11-29-at-16.49.14-1.jpeg\" alt=\"Le gymnase le 27.10.23 \u00e0 20 heures\" class=\"wp-image-2034\" srcset=\"https:\/\/mcomtop.com\/wp-content\/uploads\/2023\/11\/WhatsApp-Image-2023-11-29-at-16.49.14-1.jpeg 768w, https:\/\/mcomtop.com\/wp-content\/uploads\/2023\/11\/WhatsApp-Image-2023-11-29-at-16.49.14-1-225x300.jpeg 225w, https:\/\/mcomtop.com\/wp-content\/uploads\/2023\/11\/WhatsApp-Image-2023-11-29-at-16.49.14-1-600x800.jpeg 600w\" sizes=\"(max-width: 768px) 100vw, 768px\" \/><\/figure>\n<\/figure>\n","protected":false},"excerpt":{"rendered":"<p>C\u2019est finalement autour de 20 heures que nous rentrons \u00e0 notre h\u00f4tel laissant derri\u00e8re nous un gymnase lumineux. Bon vent \u00e0 cette jeunesse intellectuelle qui allie savoirs et pratique des sports de combat.<\/p>\n","protected":false},"author":1,"featured_media":0,"comment_status":"closed","ping_status":"closed","sticky":true,"template":"","format":"standard","meta":{"_jetpack_memberships_contains_paid_content":false,"footnotes":"","jetpack_publicize_message":"","jetpack_publicize_feature_enabled":true,"jetpack_social_post_already_shared":true,"jetpack_social_options":{"image_generator_settings":{"template":"highway","default_image_id":0,"font":"","enabled":false},"version":2}},"categories":[49],"tags":[53,66,68,67],"class_list":["post-1962","post","type-post","status-publish","format-standard","hentry","category-actualites-mcomm-webzine-mensuelle","tag-actualitesmcomm","tag-actuclients","tag-iledelareunion","tag-sportdecombat"],"jetpack_publicize_connections":[],"jetpack_featured_media_url":"","jetpack_sharing_enabled":true,"_links":{"self":[{"href":"https:\/\/mcomtop.com\/index.php?rest_route=\/wp\/v2\/posts\/1962","targetHints":{"allow":["GET"]}}],"collection":[{"href":"https:\/\/mcomtop.com\/index.php?rest_route=\/wp\/v2\/posts"}],"about":[{"href":"https:\/\/mcomtop.com\/index.php?rest_route=\/wp\/v2\/types\/post"}],"author":[{"embeddable":true,"href":"https:\/\/mcomtop.com\/index.php?rest_route=\/wp\/v2\/users\/1"}],"replies":[{"embeddable":true,"href":"https:\/\/mcomtop.com\/index.php?rest_route=%2Fwp%2Fv2%2Fcomments&post=1962"}],"version-history":[{"count":61,"href":"https:\/\/mcomtop.com\/index.php?rest_route=\/wp\/v2\/posts\/1962\/revisions"}],"predecessor-version":[{"id":2059,"href":"https:\/\/mcomtop.com\/index.php?rest_route=\/wp\/v2\/posts\/1962\/revisions\/2059"}],"wp:attachment":[{"href":"https:\/\/mcomtop.com\/index.php?rest_route=%2Fwp%2Fv2%2Fmedia&parent=1962"}],"wp:term":[{"taxonomy":"category","embeddable":true,"href":"https:\/\/mcomtop.com\/index.php?rest_route=%2Fwp%2Fv2%2Fcategories&post=1962"},{"taxonomy":"post_tag","embeddable":true,"href":"https:\/\/mcomtop.com\/index.php?rest_route=%2Fwp%2Fv2%2Ftags&post=1962"}],"curies":[{"name":"wp","href":"https:\/\/api.w.org\/{rel}","templated":true}]}}